{"id":618,"date":"2026-02-18T13:09:28","date_gmt":"2026-02-18T12:09:28","guid":{"rendered":"https:\/\/www.baeckerei-reichau.de\/?p=618"},"modified":"2026-02-18T13:25:56","modified_gmt":"2026-02-18T12:25:56","slug":"filiale-jatznick-wieder-samstags-geoeffnet","status":"publish","type":"post","link":"https:\/\/www.baeckerei-reichau.de\/index.php\/filiale-jatznick-wieder-samstags-geoeffnet\/%20","title":{"rendered":"Filiale Jatznick wieder samstags ge\u00f6ffnet"},"content":{"rendered":"\n<p>Gute Nachrichten f\u00fcr unsere Kunden in Jatznick: Die Winterpause ist vorbei! Ab dem<strong>7. M\u00e4rz<\/strong> hat unsere Filiale auch wieder regelm\u00e4\u00dfig samstags von 6:30 bis 11:00 Uhr f\u00fcr Sie ge\u00f6ffnet. Wir freuen uns darauf, Sie wieder mit frischen Backwaren begr\u00fc\u00dfen zu d\u00fcrfen.<\/p>\n\n\n\n<figure class=\"wp-block-image size-large\"><img width=\"768\" height=\"1024\" src=\"https:\/\/www.baeckerei-reichau.de\/wp-content\/uploads\/2026\/02\/jatznick-004-768x1024.jpeg\" alt=\"\" class=\"wp-image-622\" srcset=\"https:\/\/www.baeckerei-reichau.de\/wp-content\/uploads\/2026\/02\/jatznick-004-768x1024.jpeg 768w, https:\/\/www.baeckerei-reichau.de\/wp-content\/uploads\/2026\/02\/jatznick-004-225x300.jpeg 225w, https:\/\/www.baeckerei-reichau.de\/wp-content\/uploads\/2026\/02\/jatznick-004-1152x1536.jpeg 1152w, https:\/\/www.baeckerei-reichau.de\/wp-content\/uploads\/2026\/02\/jatznick-004.jpeg 1530w\" sizes=\"(max-width: 768px) 100vw, 768px\" \/><\/figure>\n","protected":false},"excerpt":{"rendered":"<p>Gute Nachrichten f\u00fcr unsere Kunden in Jatznick: Die Winterpause ist vorbei! Ab dem7. M\u00e4rz hat unsere Filiale auch wieder regelm\u00e4\u00dfig&#8230;<\/p>\n","protected":false},"author":1,"featured_media":620,"comment_status":"closed","ping_status":"open","sticky":false,"template":"","format":"standard","meta":{"footnotes":""},"categories":[1],"tags":[],"class_list":{"0":"post-618","1":"post","2":"type-post","3":"status-publish","4":"format-standard","5":"has-post-thumbnail","7":"category-allgemein"},"yoast_head":"<!-- This site is optimized with the Yoast SEO plugin v27.5 - https:\/\/yoast.com\/product\/yoast-seo-wordpress\/ -->\n<title>Filiale Jatznick wieder samstags ge\u00f6ffnet - B\u00e4ckerei Reichau<\/title>\n<meta name=\"robots\" content=\"index, follow, max-snippet:-1, max-image-preview:large, max-video-preview:-1\" \/>\n<link rel=\"canonical\" href=\"https:\/\/www.baeckerei-reichau.de\/index.php\/filiale-jatznick-wieder-samstags-geoeffnet\/%20\" \/>\n<meta property=\"og:locale\" content=\"de_DE\" \/>\n<meta property=\"og:type\" content=\"article\" \/>\n<meta property=\"og:title\" content=\"Filiale Jatznick wieder samstags ge\u00f6ffnet - B\u00e4ckerei Reichau\" \/>\n<meta property=\"og:description\" content=\"Gute Nachrichten f\u00fcr unsere Kunden in Jatznick: Die Winterpause ist vorbei! Ab dem7. M\u00e4rz hat unsere Filiale auch wieder regelm\u00e4\u00dfig...\" \/>\n<meta property=\"og:url\" content=\"https:\/\/www.baeckerei-reichau.de\/index.php\/filiale-jatznick-wieder-samstags-geoeffnet\/ \" \/>\n<meta property=\"og:site_name\" content=\"B\u00e4ckerei Reichau\" \/>\n<meta property=\"article:published_time\" content=\"2026-02-18T12:09:28+00:00\" \/>\n<meta property=\"article:modified_time\" content=\"2026-02-18T12:25:56+00:00\" \/>\n<meta property=\"og:image\" content=\"https:\/\/www.baeckerei-reichau.de\/wp-content\/uploads\/2026\/02\/jatznick-002.jpeg\" \/>\n\t<meta property=\"og:image:width\" content=\"2000\" \/>\n\t<meta property=\"og:image:height\" content=\"1500\" \/>\n\t<meta property=\"og:image:type\" content=\"image\/jpeg\" \/>\n<meta name=\"author\" content=\"Reichau\" \/>\n<meta name=\"twitter:card\" content=\"summary_large_image\" \/>\n<meta name=\"twitter:label1\" content=\"Verfasst von\" \/>\n\t<meta name=\"twitter:data1\" content=\"Reichau\" \/>\n\t<meta name=\"twitter:label2\" content=\"Gesch\u00e4tzte Lesezeit\" \/>\n\t<meta name=\"twitter:data2\" content=\"1\u00a0Minute\" \/>\n<script type=\"application\/ld+json\" class=\"yoast-schema-graph\">{\"@context\":\"https:\\\/\\\/schema.org\",\"@graph\":[{\"@type\":\"Article\",\"@id\":\"https:\\\/\\\/www.baeckerei-reichau.de\\\/index.php\\\/filiale-jatznick-wieder-samstags-geoeffnet\\\/%20#article\",\"isPartOf\":{\"@id\":\"https:\\\/\\\/www.baeckerei-reichau.de\\\/index.php\\\/filiale-jatznick-wieder-samstags-geoeffnet\\\/%20\"},\"author\":{\"name\":\"Reichau\",\"@id\":\"https:\\\/\\\/www.baeckerei-reichau.de\\\/#\\\/schema\\\/person\\\/70c4cd66709ae121904abdfbf0a6fa81\"},\"headline\":\"Filiale Jatznick wieder samstags ge\u00f6ffnet\",\"datePublished\":\"2026-02-18T12:09:28+00:00\",\"dateModified\":\"2026-02-18T12:25:56+00:00\",\"mainEntityOfPage\":{\"@id\":\"https:\\\/\\\/www.baeckerei-reichau.de\\\/index.php\\\/filiale-jatznick-wieder-samstags-geoeffnet\\\/%20\"},\"wordCount\":52,\"publisher\":{\"@id\":\"https:\\\/\\\/www.baeckerei-reichau.de\\\/#organization\"},\"image\":{\"@id\":\"https:\\\/\\\/www.baeckerei-reichau.de\\\/index.php\\\/filiale-jatznick-wieder-samstags-geoeffnet\\\/%20#primaryimage\"},\"thumbnailUrl\":\"https:\\\/\\\/www.baeckerei-reichau.de\\\/wp-content\\\/uploads\\\/2026\\\/02\\\/jatznick-002.jpeg\",\"inLanguage\":\"de\"},{\"@type\":\"WebPage\",\"@id\":\"https:\\\/\\\/www.baeckerei-reichau.de\\\/index.php\\\/filiale-jatznick-wieder-samstags-geoeffnet\\\/%20\",\"url\":\"https:\\\/\\\/www.baeckerei-reichau.de\\\/index.php\\\/filiale-jatznick-wieder-samstags-geoeffnet\\\/%20\",\"name\":\"Filiale Jatznick wieder samstags ge\u00f6ffnet - B\u00e4ckerei Reichau\",\"isPartOf\":{\"@id\":\"https:\\\/\\\/www.baeckerei-reichau.de\\\/#website\"},\"primaryImageOfPage\":{\"@id\":\"https:\\\/\\\/www.baeckerei-reichau.de\\\/index.php\\\/filiale-jatznick-wieder-samstags-geoeffnet\\\/%20#primaryimage\"},\"image\":{\"@id\":\"https:\\\/\\\/www.baeckerei-reichau.de\\\/index.php\\\/filiale-jatznick-wieder-samstags-geoeffnet\\\/%20#primaryimage\"},\"thumbnailUrl\":\"https:\\\/\\\/www.baeckerei-reichau.de\\\/wp-content\\\/uploads\\\/2026\\\/02\\\/jatznick-002.jpeg\",\"datePublished\":\"2026-02-18T12:09:28+00:00\",\"dateModified\":\"2026-02-18T12:25:56+00:00\",\"breadcrumb\":{\"@id\":\"https:\\\/\\\/www.baeckerei-reichau.de\\\/index.php\\\/filiale-jatznick-wieder-samstags-geoeffnet\\\/%20#breadcrumb\"},\"inLanguage\":\"de\",\"potentialAction\":[{\"@type\":\"ReadAction\",\"target\":[\"https:\\\/\\\/www.baeckerei-reichau.de\\\/index.php\\\/filiale-jatznick-wieder-samstags-geoeffnet\\\/%20\"]}]},{\"@type\":\"ImageObject\",\"inLanguage\":\"de\",\"@id\":\"https:\\\/\\\/www.baeckerei-reichau.de\\\/index.php\\\/filiale-jatznick-wieder-samstags-geoeffnet\\\/%20#primaryimage\",\"url\":\"https:\\\/\\\/www.baeckerei-reichau.de\\\/wp-content\\\/uploads\\\/2026\\\/02\\\/jatznick-002.jpeg\",\"contentUrl\":\"https:\\\/\\\/www.baeckerei-reichau.de\\\/wp-content\\\/uploads\\\/2026\\\/02\\\/jatznick-002.jpeg\",\"width\":2000,\"height\":1500},{\"@type\":\"BreadcrumbList\",\"@id\":\"https:\\\/\\\/www.baeckerei-reichau.de\\\/index.php\\\/filiale-jatznick-wieder-samstags-geoeffnet\\\/%20#breadcrumb\",\"itemListElement\":[{\"@type\":\"ListItem\",\"position\":1,\"name\":\"Startseite\",\"item\":\"https:\\\/\\\/www.baeckerei-reichau.de\\\/\"},{\"@type\":\"ListItem\",\"position\":2,\"name\":\"Filiale Jatznick wieder samstags ge\u00f6ffnet\"}]},{\"@type\":\"WebSite\",\"@id\":\"https:\\\/\\\/www.baeckerei-reichau.de\\\/#website\",\"url\":\"https:\\\/\\\/www.baeckerei-reichau.de\\\/\",\"name\":\"B\u00e4ckerei Reichau\",\"description\":\"\",\"publisher\":{\"@id\":\"https:\\\/\\\/www.baeckerei-reichau.de\\\/#organization\"},\"potentialAction\":[{\"@type\":\"SearchAction\",\"target\":{\"@type\":\"EntryPoint\",\"urlTemplate\":\"https:\\\/\\\/www.baeckerei-reichau.de\\\/?s={search_term_string}\"},\"query-input\":{\"@type\":\"PropertyValueSpecification\",\"valueRequired\":true,\"valueName\":\"search_term_string\"}}],\"inLanguage\":\"de\"},{\"@type\":\"Organization\",\"@id\":\"https:\\\/\\\/www.baeckerei-reichau.de\\\/#organization\",\"name\":\"B\u00e4ckerei Reichau\",\"url\":\"https:\\\/\\\/www.baeckerei-reichau.de\\\/\",\"logo\":{\"@type\":\"ImageObject\",\"inLanguage\":\"de\",\"@id\":\"https:\\\/\\\/www.baeckerei-reichau.de\\\/#\\\/schema\\\/logo\\\/image\\\/\",\"url\":\"https:\\\/\\\/www.baeckerei-reichau.de\\\/wp-content\\\/uploads\\\/2022\\\/08\\\/cropped-reichau_brezel-200x200-1.jpg\",\"contentUrl\":\"https:\\\/\\\/www.baeckerei-reichau.de\\\/wp-content\\\/uploads\\\/2022\\\/08\\\/cropped-reichau_brezel-200x200-1.jpg\",\"width\":512,\"height\":512,\"caption\":\"B\u00e4ckerei Reichau\"},\"image\":{\"@id\":\"https:\\\/\\\/www.baeckerei-reichau.de\\\/#\\\/schema\\\/logo\\\/image\\\/\"}},{\"@type\":\"Person\",\"@id\":\"https:\\\/\\\/www.baeckerei-reichau.de\\\/#\\\/schema\\\/person\\\/70c4cd66709ae121904abdfbf0a6fa81\",\"name\":\"Reichau\",\"image\":{\"@type\":\"ImageObject\",\"inLanguage\":\"de\",\"@id\":\"https:\\\/\\\/secure.gravatar.com\\\/avatar\\\/f7a5bb54b1b9b2fdbc88e106d2d5c6a2bf665a599891a487b8c2091697e43767?s=96&d=mm&r=g\",\"url\":\"https:\\\/\\\/secure.gravatar.com\\\/avatar\\\/f7a5bb54b1b9b2fdbc88e106d2d5c6a2bf665a599891a487b8c2091697e43767?s=96&d=mm&r=g\",\"contentUrl\":\"https:\\\/\\\/secure.gravatar.com\\\/avatar\\\/f7a5bb54b1b9b2fdbc88e106d2d5c6a2bf665a599891a487b8c2091697e43767?s=96&d=mm&r=g\",\"caption\":\"Reichau\"},\"url\":\"https:\\\/\\\/www.baeckerei-reichau.de\\\/index.php\\\/author\\\/reichau\"}]}<\/script>\n<!-- \/ Yoast SEO plugin. -->","yoast_head_json":{"title":"Filiale Jatznick wieder samstags ge\u00f6ffnet - B\u00e4ckerei Reichau","robots":{"index":"index","follow":"follow","max-snippet":"max-snippet:-1","max-image-preview":"max-image-preview:large","max-video-preview":"max-video-preview:-1"},"canonical":"https:\/\/www.baeckerei-reichau.de\/index.php\/filiale-jatznick-wieder-samstags-geoeffnet\/ ","og_locale":"de_DE","og_type":"article","og_title":"Filiale Jatznick wieder samstags ge\u00f6ffnet - B\u00e4ckerei Reichau","og_description":"Gute Nachrichten f\u00fcr unsere Kunden in Jatznick: Die Winterpause ist vorbei! Ab dem7. M\u00e4rz hat unsere Filiale auch wieder regelm\u00e4\u00dfig...","og_url":"https:\/\/www.baeckerei-reichau.de\/index.php\/filiale-jatznick-wieder-samstags-geoeffnet\/ ","og_site_name":"B\u00e4ckerei Reichau","article_published_time":"2026-02-18T12:09:28+00:00","article_modified_time":"2026-02-18T12:25:56+00:00","og_image":[{"width":2000,"height":1500,"url":"https:\/\/www.baeckerei-reichau.de\/wp-content\/uploads\/2026\/02\/jatznick-002.jpeg","type":"image\/jpeg"}],"author":"Reichau","twitter_card":"summary_large_image","twitter_misc":{"Verfasst von":"Reichau","Gesch\u00e4tzte Lesezeit":"1\u00a0Minute"},"schema":{"@context":"https:\/\/schema.org","@graph":[{"@type":"Article","@id":"https:\/\/www.baeckerei-reichau.de\/index.php\/filiale-jatznick-wieder-samstags-geoeffnet\/%20#article","isPartOf":{"@id":"https:\/\/www.baeckerei-reichau.de\/index.php\/filiale-jatznick-wieder-samstags-geoeffnet\/%20"},"author":{"name":"Reichau","@id":"https:\/\/www.baeckerei-reichau.de\/#\/schema\/person\/70c4cd66709ae121904abdfbf0a6fa81"},"headline":"Filiale Jatznick wieder samstags ge\u00f6ffnet","datePublished":"2026-02-18T12:09:28+00:00","dateModified":"2026-02-18T12:25:56+00:00","mainEntityOfPage":{"@id":"https:\/\/www.baeckerei-reichau.de\/index.php\/filiale-jatznick-wieder-samstags-geoeffnet\/%20"},"wordCount":52,"publisher":{"@id":"https:\/\/www.baeckerei-reichau.de\/#organization"},"image":{"@id":"https:\/\/www.baeckerei-reichau.de\/index.php\/filiale-jatznick-wieder-samstags-geoeffnet\/%20#primaryimage"},"thumbnailUrl":"https:\/\/www.baeckerei-reichau.de\/wp-content\/uploads\/2026\/02\/jatznick-002.jpeg","inLanguage":"de"},{"@type":"WebPage","@id":"https:\/\/www.baeckerei-reichau.de\/index.php\/filiale-jatznick-wieder-samstags-geoeffnet\/%20","url":"https:\/\/www.baeckerei-reichau.de\/index.php\/filiale-jatznick-wieder-samstags-geoeffnet\/%20","name":"Filiale Jatznick wieder samstags ge\u00f6ffnet - B\u00e4ckerei Reichau","isPartOf":{"@id":"https:\/\/www.baeckerei-reichau.de\/#website"},"primaryImageOfPage":{"@id":"https:\/\/www.baeckerei-reichau.de\/index.php\/filiale-jatznick-wieder-samstags-geoeffnet\/%20#primaryimage"},"image":{"@id":"https:\/\/www.baeckerei-reichau.de\/index.php\/filiale-jatznick-wieder-samstags-geoeffnet\/%20#primaryimage"},"thumbnailUrl":"https:\/\/www.baeckerei-reichau.de\/wp-content\/uploads\/2026\/02\/jatznick-002.jpeg","datePublished":"2026-02-18T12:09:28+00:00","dateModified":"2026-02-18T12:25:56+00:00","breadcrumb":{"@id":"https:\/\/www.baeckerei-reichau.de\/index.php\/filiale-jatznick-wieder-samstags-geoeffnet\/%20#breadcrumb"},"inLanguage":"de","potentialAction":[{"@type":"ReadAction","target":["https:\/\/www.baeckerei-reichau.de\/index.php\/filiale-jatznick-wieder-samstags-geoeffnet\/%20"]}]},{"@type":"ImageObject","inLanguage":"de","@id":"https:\/\/www.baeckerei-reichau.de\/index.php\/filiale-jatznick-wieder-samstags-geoeffnet\/%20#primaryimage","url":"https:\/\/www.baeckerei-reichau.de\/wp-content\/uploads\/2026\/02\/jatznick-002.jpeg","contentUrl":"https:\/\/www.baeckerei-reichau.de\/wp-content\/uploads\/2026\/02\/jatznick-002.jpeg","width":2000,"height":1500},{"@type":"BreadcrumbList","@id":"https:\/\/www.baeckerei-reichau.de\/index.php\/filiale-jatznick-wieder-samstags-geoeffnet\/%20#breadcrumb","itemListElement":[{"@type":"ListItem","position":1,"name":"Startseite","item":"https:\/\/www.baeckerei-reichau.de\/"},{"@type":"ListItem","position":2,"name":"Filiale Jatznick wieder samstags ge\u00f6ffnet"}]},{"@type":"WebSite","@id":"https:\/\/www.baeckerei-reichau.de\/#website","url":"https:\/\/www.baeckerei-reichau.de\/","name":"B\u00e4ckerei Reichau","description":"","publisher":{"@id":"https:\/\/www.baeckerei-reichau.de\/#organization"},"potentialAction":[{"@type":"SearchAction","target":{"@type":"EntryPoint","urlTemplate":"https:\/\/www.baeckerei-reichau.de\/?s={search_term_string}"},"query-input":{"@type":"PropertyValueSpecification","valueRequired":true,"valueName":"search_term_string"}}],"inLanguage":"de"},{"@type":"Organization","@id":"https:\/\/www.baeckerei-reichau.de\/#organization","name":"B\u00e4ckerei Reichau","url":"https:\/\/www.baeckerei-reichau.de\/","logo":{"@type":"ImageObject","inLanguage":"de","@id":"https:\/\/www.baeckerei-reichau.de\/#\/schema\/logo\/image\/","url":"https:\/\/www.baeckerei-reichau.de\/wp-content\/uploads\/2022\/08\/cropped-reichau_brezel-200x200-1.jpg","contentUrl":"https:\/\/www.baeckerei-reichau.de\/wp-content\/uploads\/2022\/08\/cropped-reichau_brezel-200x200-1.jpg","width":512,"height":512,"caption":"B\u00e4ckerei Reichau"},"image":{"@id":"https:\/\/www.baeckerei-reichau.de\/#\/schema\/logo\/image\/"}},{"@type":"Person","@id":"https:\/\/www.baeckerei-reichau.de\/#\/schema\/person\/70c4cd66709ae121904abdfbf0a6fa81","name":"Reichau","image":{"@type":"ImageObject","inLanguage":"de","@id":"https:\/\/secure.gravatar.com\/avatar\/f7a5bb54b1b9b2fdbc88e106d2d5c6a2bf665a599891a487b8c2091697e43767?s=96&d=mm&r=g","url":"https:\/\/secure.gravatar.com\/avatar\/f7a5bb54b1b9b2fdbc88e106d2d5c6a2bf665a599891a487b8c2091697e43767?s=96&d=mm&r=g","contentUrl":"https:\/\/secure.gravatar.com\/avatar\/f7a5bb54b1b9b2fdbc88e106d2d5c6a2bf665a599891a487b8c2091697e43767?s=96&d=mm&r=g","caption":"Reichau"},"url":"https:\/\/www.baeckerei-reichau.de\/index.php\/author\/reichau"}]}},"menu_order":0,"_links":{"self":[{"href":"https:\/\/www.baeckerei-reichau.de\/index.php\/wp-json\/wp\/v2\/posts\/618","targetHints":{"allow":["GET"]}}],"collection":[{"href":"https:\/\/www.baeckerei-reichau.de\/index.php\/wp-json\/wp\/v2\/posts"}],"about":[{"href":"https:\/\/www.baeckerei-reichau.de\/index.php\/wp-json\/wp\/v2\/types\/post"}],"author":[{"embeddable":true,"href":"https:\/\/www.baeckerei-reichau.de\/index.php\/wp-json\/wp\/v2\/users\/1"}],"replies":[{"embeddable":true,"href":"https:\/\/www.baeckerei-reichau.de\/index.php\/wp-json\/wp\/v2\/comments?post=618"}],"version-history":[{"count":3,"href":"https:\/\/www.baeckerei-reichau.de\/index.php\/wp-json\/wp\/v2\/posts\/618\/revisions"}],"predecessor-version":[{"id":624,"href":"https:\/\/www.baeckerei-reichau.de\/index.php\/wp-json\/wp\/v2\/posts\/618\/revisions\/624"}],"wp:featuredmedia":[{"embeddable":true,"href":"https:\/\/www.baeckerei-reichau.de\/index.php\/wp-json\/wp\/v2\/media\/620"}],"wp:attachment":[{"href":"https:\/\/www.baeckerei-reichau.de\/index.php\/wp-json\/wp\/v2\/media?parent=618"}],"wp:term":[{"taxonomy":"category","embeddable":true,"href":"https:\/\/www.baeckerei-reichau.de\/index.php\/wp-json\/wp\/v2\/categories?post=618"},{"taxonomy":"post_tag","embeddable":true,"href":"https:\/\/www.baeckerei-reichau.de\/index.php\/wp-json\/wp\/v2\/tags?post=618"}],"curies":[{"name":"wp","href":"https:\/\/api.w.org\/{rel}","templated":true}]}}