{"id":556,"date":"2024-01-04T10:11:16","date_gmt":"2024-01-04T09:11:16","guid":{"rendered":"https:\/\/www.baeckerei-reichau.de\/?p=556"},"modified":"2025-01-07T13:58:42","modified_gmt":"2025-01-07T12:58:42","slug":"neues-jahr-voller","status":"publish","type":"post","link":"https:\/\/www.baeckerei-reichau.de\/index.php\/neues-jahr-voller\/%20","title":{"rendered":"K\u00f6stlicher Start ins neue Jahr"},"content":{"rendered":"\n<p><strong>Liebe Kundinnen und Kunden,<\/strong><\/p>\n\n\n\n<p>das Team der B\u00e4ckerei Reichau w\u00fcnscht Ihnen ein genussvolles und gl\u00fcckliches neues Jahr! M\u00f6ge 2025 voller s\u00fc\u00dfer Momente, knuspriger Freuden und herzlicher Begegnungen sein.<\/p>\n\n\n\n<p>Vielen Dank f\u00fcr Ihre Treue im vergangenen Jahr! Wir freuen uns darauf, Sie auch in diesem Jahr mit unseren frisch gebackenen K\u00f6stlichkeiten und liebevoll zubereiteten Leckereien zu verw\u00f6hnen. Lassen Sie uns gemeinsam ein Jahr voller Vielfalt und Geschmack erleben \u2013 ganz wie unser Backsortiment.<\/p>\n\n\n\n<p>Nehmen Sie sich Zeit f\u00fcr kleine s\u00fc\u00dfe Auszeiten und starten Sie mit einem L\u00e4cheln ins neue Jahr!<\/p>\n\n\n\n<p><strong>Achtung: Im Winter ist die \u00d6ffnungszeit des Caf\u00e9 Blende am Sonntag von 13 bis 17 Uhr. <\/strong><\/p>\n\n\n\n<p><\/p>\n","protected":false},"excerpt":{"rendered":"<p>Liebe Kundinnen und Kunden, das Team der B\u00e4ckerei Reichau w\u00fcnscht Ihnen ein genussvolles und gl\u00fcckliches neues Jahr! M\u00f6ge 2025 voller&#8230;<\/p>\n","protected":false},"author":1,"featured_media":579,"comment_status":"closed","ping_status":"closed","sticky":false,"template":"","format":"standard","meta":{"footnotes":""},"categories":[1],"tags":[],"class_list":{"0":"post-556","1":"post","2":"type-post","3":"status-publish","4":"format-standard","5":"has-post-thumbnail","7":"category-allgemein"},"yoast_head":"<!-- This site is optimized with the Yoast SEO plugin v27.5 - https:\/\/yoast.com\/product\/yoast-seo-wordpress\/ -->\n<title>K\u00f6stlicher Start ins neue Jahr - B\u00e4ckerei Reichau<\/title>\n<meta name=\"robots\" content=\"index, follow, max-snippet:-1, max-image-preview:large, max-video-preview:-1\" \/>\n<link rel=\"canonical\" href=\"https:\/\/www.baeckerei-reichau.de\/index.php\/neues-jahr-voller\/%20\" \/>\n<meta property=\"og:locale\" content=\"de_DE\" \/>\n<meta property=\"og:type\" content=\"article\" \/>\n<meta property=\"og:title\" content=\"K\u00f6stlicher Start ins neue Jahr - B\u00e4ckerei Reichau\" \/>\n<meta property=\"og:description\" content=\"Liebe Kundinnen und Kunden, das Team der B\u00e4ckerei Reichau w\u00fcnscht Ihnen ein genussvolles und gl\u00fcckliches neues Jahr! M\u00f6ge 2025 voller...\" \/>\n<meta property=\"og:url\" content=\"https:\/\/www.baeckerei-reichau.de\/index.php\/neues-jahr-voller\/ \" \/>\n<meta property=\"og:site_name\" content=\"B\u00e4ckerei Reichau\" \/>\n<meta property=\"article:published_time\" content=\"2024-01-04T09:11:16+00:00\" \/>\n<meta property=\"article:modified_time\" content=\"2025-01-07T12:58:42+00:00\" \/>\n<meta property=\"og:image\" content=\"https:\/\/www.baeckerei-reichau.de\/wp-content\/uploads\/2024\/01\/2025-1-1.jpg\" \/>\n\t<meta property=\"og:image:width\" content=\"1000\" \/>\n\t<meta property=\"og:image:height\" content=\"666\" \/>\n\t<meta property=\"og:image:type\" content=\"image\/jpeg\" \/>\n<meta name=\"author\" content=\"Reichau\" \/>\n<meta name=\"twitter:card\" content=\"summary_large_image\" \/>\n<meta name=\"twitter:label1\" content=\"Verfasst von\" \/>\n\t<meta name=\"twitter:data1\" content=\"Reichau\" \/>\n\t<meta name=\"twitter:label2\" content=\"Gesch\u00e4tzte Lesezeit\" \/>\n\t<meta name=\"twitter:data2\" content=\"1\u00a0Minute\" \/>\n<script type=\"application\/ld+json\" class=\"yoast-schema-graph\">{\"@context\":\"https:\\\/\\\/schema.org\",\"@graph\":[{\"@type\":\"Article\",\"@id\":\"https:\\\/\\\/www.baeckerei-reichau.de\\\/index.php\\\/neues-jahr-voller\\\/%20#article\",\"isPartOf\":{\"@id\":\"https:\\\/\\\/www.baeckerei-reichau.de\\\/index.php\\\/neues-jahr-voller\\\/%20\"},\"author\":{\"name\":\"Reichau\",\"@id\":\"https:\\\/\\\/www.baeckerei-reichau.de\\\/#\\\/schema\\\/person\\\/70c4cd66709ae121904abdfbf0a6fa81\"},\"headline\":\"K\u00f6stlicher Start ins neue Jahr\",\"datePublished\":\"2024-01-04T09:11:16+00:00\",\"dateModified\":\"2025-01-07T12:58:42+00:00\",\"mainEntityOfPage\":{\"@id\":\"https:\\\/\\\/www.baeckerei-reichau.de\\\/index.php\\\/neues-jahr-voller\\\/%20\"},\"wordCount\":118,\"publisher\":{\"@id\":\"https:\\\/\\\/www.baeckerei-reichau.de\\\/#organization\"},\"image\":{\"@id\":\"https:\\\/\\\/www.baeckerei-reichau.de\\\/index.php\\\/neues-jahr-voller\\\/%20#primaryimage\"},\"thumbnailUrl\":\"https:\\\/\\\/www.baeckerei-reichau.de\\\/wp-content\\\/uploads\\\/2024\\\/01\\\/2025-1-1.jpg\",\"inLanguage\":\"de\"},{\"@type\":\"WebPage\",\"@id\":\"https:\\\/\\\/www.baeckerei-reichau.de\\\/index.php\\\/neues-jahr-voller\\\/%20\",\"url\":\"https:\\\/\\\/www.baeckerei-reichau.de\\\/index.php\\\/neues-jahr-voller\\\/%20\",\"name\":\"K\u00f6stlicher Start ins neue Jahr - B\u00e4ckerei Reichau\",\"isPartOf\":{\"@id\":\"https:\\\/\\\/www.baeckerei-reichau.de\\\/#website\"},\"primaryImageOfPage\":{\"@id\":\"https:\\\/\\\/www.baeckerei-reichau.de\\\/index.php\\\/neues-jahr-voller\\\/%20#primaryimage\"},\"image\":{\"@id\":\"https:\\\/\\\/www.baeckerei-reichau.de\\\/index.php\\\/neues-jahr-voller\\\/%20#primaryimage\"},\"thumbnailUrl\":\"https:\\\/\\\/www.baeckerei-reichau.de\\\/wp-content\\\/uploads\\\/2024\\\/01\\\/2025-1-1.jpg\",\"datePublished\":\"2024-01-04T09:11:16+00:00\",\"dateModified\":\"2025-01-07T12:58:42+00:00\",\"breadcrumb\":{\"@id\":\"https:\\\/\\\/www.baeckerei-reichau.de\\\/index.php\\\/neues-jahr-voller\\\/%20#breadcrumb\"},\"inLanguage\":\"de\",\"potentialAction\":[{\"@type\":\"ReadAction\",\"target\":[\"https:\\\/\\\/www.baeckerei-reichau.de\\\/index.php\\\/neues-jahr-voller\\\/%20\"]}]},{\"@type\":\"ImageObject\",\"inLanguage\":\"de\",\"@id\":\"https:\\\/\\\/www.baeckerei-reichau.de\\\/index.php\\\/neues-jahr-voller\\\/%20#primaryimage\",\"url\":\"https:\\\/\\\/www.baeckerei-reichau.de\\\/wp-content\\\/uploads\\\/2024\\\/01\\\/2025-1-1.jpg\",\"contentUrl\":\"https:\\\/\\\/www.baeckerei-reichau.de\\\/wp-content\\\/uploads\\\/2024\\\/01\\\/2025-1-1.jpg\",\"width\":1000,\"height\":666},{\"@type\":\"BreadcrumbList\",\"@id\":\"https:\\\/\\\/www.baeckerei-reichau.de\\\/index.php\\\/neues-jahr-voller\\\/%20#breadcrumb\",\"itemListElement\":[{\"@type\":\"ListItem\",\"position\":1,\"name\":\"Startseite\",\"item\":\"https:\\\/\\\/www.baeckerei-reichau.de\\\/\"},{\"@type\":\"ListItem\",\"position\":2,\"name\":\"K\u00f6stlicher Start ins neue Jahr\"}]},{\"@type\":\"WebSite\",\"@id\":\"https:\\\/\\\/www.baeckerei-reichau.de\\\/#website\",\"url\":\"https:\\\/\\\/www.baeckerei-reichau.de\\\/\",\"name\":\"B\u00e4ckerei Reichau\",\"description\":\"\",\"publisher\":{\"@id\":\"https:\\\/\\\/www.baeckerei-reichau.de\\\/#organization\"},\"potentialAction\":[{\"@type\":\"SearchAction\",\"target\":{\"@type\":\"EntryPoint\",\"urlTemplate\":\"https:\\\/\\\/www.baeckerei-reichau.de\\\/?s={search_term_string}\"},\"query-input\":{\"@type\":\"PropertyValueSpecification\",\"valueRequired\":true,\"valueName\":\"search_term_string\"}}],\"inLanguage\":\"de\"},{\"@type\":\"Organization\",\"@id\":\"https:\\\/\\\/www.baeckerei-reichau.de\\\/#organization\",\"name\":\"B\u00e4ckerei Reichau\",\"url\":\"https:\\\/\\\/www.baeckerei-reichau.de\\\/\",\"logo\":{\"@type\":\"ImageObject\",\"inLanguage\":\"de\",\"@id\":\"https:\\\/\\\/www.baeckerei-reichau.de\\\/#\\\/schema\\\/logo\\\/image\\\/\",\"url\":\"https:\\\/\\\/www.baeckerei-reichau.de\\\/wp-content\\\/uploads\\\/2022\\\/08\\\/cropped-reichau_brezel-200x200-1.jpg\",\"contentUrl\":\"https:\\\/\\\/www.baeckerei-reichau.de\\\/wp-content\\\/uploads\\\/2022\\\/08\\\/cropped-reichau_brezel-200x200-1.jpg\",\"width\":512,\"height\":512,\"caption\":\"B\u00e4ckerei Reichau\"},\"image\":{\"@id\":\"https:\\\/\\\/www.baeckerei-reichau.de\\\/#\\\/schema\\\/logo\\\/image\\\/\"}},{\"@type\":\"Person\",\"@id\":\"https:\\\/\\\/www.baeckerei-reichau.de\\\/#\\\/schema\\\/person\\\/70c4cd66709ae121904abdfbf0a6fa81\",\"name\":\"Reichau\",\"image\":{\"@type\":\"ImageObject\",\"inLanguage\":\"de\",\"@id\":\"https:\\\/\\\/secure.gravatar.com\\\/avatar\\\/f7a5bb54b1b9b2fdbc88e106d2d5c6a2bf665a599891a487b8c2091697e43767?s=96&d=mm&r=g\",\"url\":\"https:\\\/\\\/secure.gravatar.com\\\/avatar\\\/f7a5bb54b1b9b2fdbc88e106d2d5c6a2bf665a599891a487b8c2091697e43767?s=96&d=mm&r=g\",\"contentUrl\":\"https:\\\/\\\/secure.gravatar.com\\\/avatar\\\/f7a5bb54b1b9b2fdbc88e106d2d5c6a2bf665a599891a487b8c2091697e43767?s=96&d=mm&r=g\",\"caption\":\"Reichau\"},\"url\":\"https:\\\/\\\/www.baeckerei-reichau.de\\\/index.php\\\/author\\\/reichau\"}]}<\/script>\n<!-- \/ Yoast SEO plugin. -->","yoast_head_json":{"title":"K\u00f6stlicher Start ins neue Jahr - B\u00e4ckerei Reichau","robots":{"index":"index","follow":"follow","max-snippet":"max-snippet:-1","max-image-preview":"max-image-preview:large","max-video-preview":"max-video-preview:-1"},"canonical":"https:\/\/www.baeckerei-reichau.de\/index.php\/neues-jahr-voller\/ ","og_locale":"de_DE","og_type":"article","og_title":"K\u00f6stlicher Start ins neue Jahr - B\u00e4ckerei Reichau","og_description":"Liebe Kundinnen und Kunden, das Team der B\u00e4ckerei Reichau w\u00fcnscht Ihnen ein genussvolles und gl\u00fcckliches neues Jahr! M\u00f6ge 2025 voller...","og_url":"https:\/\/www.baeckerei-reichau.de\/index.php\/neues-jahr-voller\/ ","og_site_name":"B\u00e4ckerei Reichau","article_published_time":"2024-01-04T09:11:16+00:00","article_modified_time":"2025-01-07T12:58:42+00:00","og_image":[{"width":1000,"height":666,"url":"https:\/\/www.baeckerei-reichau.de\/wp-content\/uploads\/2024\/01\/2025-1-1.jpg","type":"image\/jpeg"}],"author":"Reichau","twitter_card":"summary_large_image","twitter_misc":{"Verfasst von":"Reichau","Gesch\u00e4tzte Lesezeit":"1\u00a0Minute"},"schema":{"@context":"https:\/\/schema.org","@graph":[{"@type":"Article","@id":"https:\/\/www.baeckerei-reichau.de\/index.php\/neues-jahr-voller\/%20#article","isPartOf":{"@id":"https:\/\/www.baeckerei-reichau.de\/index.php\/neues-jahr-voller\/%20"},"author":{"name":"Reichau","@id":"https:\/\/www.baeckerei-reichau.de\/#\/schema\/person\/70c4cd66709ae121904abdfbf0a6fa81"},"headline":"K\u00f6stlicher Start ins neue Jahr","datePublished":"2024-01-04T09:11:16+00:00","dateModified":"2025-01-07T12:58:42+00:00","mainEntityOfPage":{"@id":"https:\/\/www.baeckerei-reichau.de\/index.php\/neues-jahr-voller\/%20"},"wordCount":118,"publisher":{"@id":"https:\/\/www.baeckerei-reichau.de\/#organization"},"image":{"@id":"https:\/\/www.baeckerei-reichau.de\/index.php\/neues-jahr-voller\/%20#primaryimage"},"thumbnailUrl":"https:\/\/www.baeckerei-reichau.de\/wp-content\/uploads\/2024\/01\/2025-1-1.jpg","inLanguage":"de"},{"@type":"WebPage","@id":"https:\/\/www.baeckerei-reichau.de\/index.php\/neues-jahr-voller\/%20","url":"https:\/\/www.baeckerei-reichau.de\/index.php\/neues-jahr-voller\/%20","name":"K\u00f6stlicher Start ins neue Jahr - B\u00e4ckerei Reichau","isPartOf":{"@id":"https:\/\/www.baeckerei-reichau.de\/#website"},"primaryImageOfPage":{"@id":"https:\/\/www.baeckerei-reichau.de\/index.php\/neues-jahr-voller\/%20#primaryimage"},"image":{"@id":"https:\/\/www.baeckerei-reichau.de\/index.php\/neues-jahr-voller\/%20#primaryimage"},"thumbnailUrl":"https:\/\/www.baeckerei-reichau.de\/wp-content\/uploads\/2024\/01\/2025-1-1.jpg","datePublished":"2024-01-04T09:11:16+00:00","dateModified":"2025-01-07T12:58:42+00:00","breadcrumb":{"@id":"https:\/\/www.baeckerei-reichau.de\/index.php\/neues-jahr-voller\/%20#breadcrumb"},"inLanguage":"de","potentialAction":[{"@type":"ReadAction","target":["https:\/\/www.baeckerei-reichau.de\/index.php\/neues-jahr-voller\/%20"]}]},{"@type":"ImageObject","inLanguage":"de","@id":"https:\/\/www.baeckerei-reichau.de\/index.php\/neues-jahr-voller\/%20#primaryimage","url":"https:\/\/www.baeckerei-reichau.de\/wp-content\/uploads\/2024\/01\/2025-1-1.jpg","contentUrl":"https:\/\/www.baeckerei-reichau.de\/wp-content\/uploads\/2024\/01\/2025-1-1.jpg","width":1000,"height":666},{"@type":"BreadcrumbList","@id":"https:\/\/www.baeckerei-reichau.de\/index.php\/neues-jahr-voller\/%20#breadcrumb","itemListElement":[{"@type":"ListItem","position":1,"name":"Startseite","item":"https:\/\/www.baeckerei-reichau.de\/"},{"@type":"ListItem","position":2,"name":"K\u00f6stlicher Start ins neue Jahr"}]},{"@type":"WebSite","@id":"https:\/\/www.baeckerei-reichau.de\/#website","url":"https:\/\/www.baeckerei-reichau.de\/","name":"B\u00e4ckerei Reichau","description":"","publisher":{"@id":"https:\/\/www.baeckerei-reichau.de\/#organization"},"potentialAction":[{"@type":"SearchAction","target":{"@type":"EntryPoint","urlTemplate":"https:\/\/www.baeckerei-reichau.de\/?s={search_term_string}"},"query-input":{"@type":"PropertyValueSpecification","valueRequired":true,"valueName":"search_term_string"}}],"inLanguage":"de"},{"@type":"Organization","@id":"https:\/\/www.baeckerei-reichau.de\/#organization","name":"B\u00e4ckerei Reichau","url":"https:\/\/www.baeckerei-reichau.de\/","logo":{"@type":"ImageObject","inLanguage":"de","@id":"https:\/\/www.baeckerei-reichau.de\/#\/schema\/logo\/image\/","url":"https:\/\/www.baeckerei-reichau.de\/wp-content\/uploads\/2022\/08\/cropped-reichau_brezel-200x200-1.jpg","contentUrl":"https:\/\/www.baeckerei-reichau.de\/wp-content\/uploads\/2022\/08\/cropped-reichau_brezel-200x200-1.jpg","width":512,"height":512,"caption":"B\u00e4ckerei Reichau"},"image":{"@id":"https:\/\/www.baeckerei-reichau.de\/#\/schema\/logo\/image\/"}},{"@type":"Person","@id":"https:\/\/www.baeckerei-reichau.de\/#\/schema\/person\/70c4cd66709ae121904abdfbf0a6fa81","name":"Reichau","image":{"@type":"ImageObject","inLanguage":"de","@id":"https:\/\/secure.gravatar.com\/avatar\/f7a5bb54b1b9b2fdbc88e106d2d5c6a2bf665a599891a487b8c2091697e43767?s=96&d=mm&r=g","url":"https:\/\/secure.gravatar.com\/avatar\/f7a5bb54b1b9b2fdbc88e106d2d5c6a2bf665a599891a487b8c2091697e43767?s=96&d=mm&r=g","contentUrl":"https:\/\/secure.gravatar.com\/avatar\/f7a5bb54b1b9b2fdbc88e106d2d5c6a2bf665a599891a487b8c2091697e43767?s=96&d=mm&r=g","caption":"Reichau"},"url":"https:\/\/www.baeckerei-reichau.de\/index.php\/author\/reichau"}]}},"menu_order":0,"_links":{"self":[{"href":"https:\/\/www.baeckerei-reichau.de\/index.php\/wp-json\/wp\/v2\/posts\/556","targetHints":{"allow":["GET"]}}],"collection":[{"href":"https:\/\/www.baeckerei-reichau.de\/index.php\/wp-json\/wp\/v2\/posts"}],"about":[{"href":"https:\/\/www.baeckerei-reichau.de\/index.php\/wp-json\/wp\/v2\/types\/post"}],"author":[{"embeddable":true,"href":"https:\/\/www.baeckerei-reichau.de\/index.php\/wp-json\/wp\/v2\/users\/1"}],"replies":[{"embeddable":true,"href":"https:\/\/www.baeckerei-reichau.de\/index.php\/wp-json\/wp\/v2\/comments?post=556"}],"version-history":[{"count":2,"href":"https:\/\/www.baeckerei-reichau.de\/index.php\/wp-json\/wp\/v2\/posts\/556\/revisions"}],"predecessor-version":[{"id":578,"href":"https:\/\/www.baeckerei-reichau.de\/index.php\/wp-json\/wp\/v2\/posts\/556\/revisions\/578"}],"wp:featuredmedia":[{"embeddable":true,"href":"https:\/\/www.baeckerei-reichau.de\/index.php\/wp-json\/wp\/v2\/media\/579"}],"wp:attachment":[{"href":"https:\/\/www.baeckerei-reichau.de\/index.php\/wp-json\/wp\/v2\/media?parent=556"}],"wp:term":[{"taxonomy":"category","embeddable":true,"href":"https:\/\/www.baeckerei-reichau.de\/index.php\/wp-json\/wp\/v2\/categories?post=556"},{"taxonomy":"post_tag","embeddable":true,"href":"https:\/\/www.baeckerei-reichau.de\/index.php\/wp-json\/wp\/v2\/tags?post=556"}],"curies":[{"name":"wp","href":"https:\/\/api.w.org\/{rel}","templated":true}]}}