{"id":530,"date":"2023-05-24T11:51:55","date_gmt":"2023-05-24T09:51:55","guid":{"rendered":"https:\/\/www.baeckerei-reichau.de\/?p=530"},"modified":"2023-05-24T11:56:57","modified_gmt":"2023-05-24T09:56:57","slug":"cafe-blende-nun-wieder-mit-laengeren-oeffnungszeiten","status":"publish","type":"post","link":"https:\/\/www.baeckerei-reichau.de\/index.php\/cafe-blende-nun-wieder-mit-laengeren-oeffnungszeiten\/%20","title":{"rendered":"Caf\u00e9 Blende nun wieder mit l\u00e4ngeren \u00d6ffnungszeiten"},"content":{"rendered":"\n<p>Die Tage werden l\u00e4nger und das Seebad Ueckerm\u00fcnde f\u00fcllt sich wieder mit mehr Menschen. So passen wir auch unsere \u00d6ffnungszeiten im Caf\u00e9 Blende an. Ab sofort haben wir am Wochenende samstags von 6.30 bis 17 Uhr ge\u00f6ffnet und sonntags von 7.00 bis 17 Uhr ge\u00f6ffnet.<\/p>\n\n\n\n<figure class=\"wp-block-image size-large\"><img width=\"1024\" height=\"768\" src=\"https:\/\/www.baeckerei-reichau.de\/wp-content\/uploads\/2018\/03\/Filialen_Uede_Blende-1024x768.jpg\" alt=\"\" class=\"wp-image-91\" srcset=\"https:\/\/www.baeckerei-reichau.de\/wp-content\/uploads\/2018\/03\/Filialen_Uede_Blende.jpg 1024w, https:\/\/www.baeckerei-reichau.de\/wp-content\/uploads\/2018\/03\/Filialen_Uede_Blende-300x225.jpg 300w, https:\/\/www.baeckerei-reichau.de\/wp-content\/uploads\/2018\/03\/Filialen_Uede_Blende-768x576.jpg 768w\" sizes=\"(max-width: 1024px) 100vw, 1024px\" \/><\/figure>\n","protected":false},"excerpt":{"rendered":"<p>Die Tage werden l\u00e4nger und das Seebad Ueckerm\u00fcnde f\u00fcllt sich wieder mit mehr Menschen. So passen wir auch unsere \u00d6ffnungszeiten&#8230;<\/p>\n","protected":false},"author":1,"featured_media":91,"comment_status":"closed","ping_status":"open","sticky":false,"template":"","format":"standard","meta":{"footnotes":""},"categories":[1],"tags":[],"class_list":{"0":"post-530","1":"post","2":"type-post","3":"status-publish","4":"format-standard","5":"has-post-thumbnail","7":"category-allgemein"},"yoast_head":"<!-- This site is optimized with the Yoast SEO plugin v27.5 - https:\/\/yoast.com\/product\/yoast-seo-wordpress\/ -->\n<title>Caf\u00e9 Blende nun wieder mit l\u00e4ngeren \u00d6ffnungszeiten - B\u00e4ckerei Reichau<\/title>\n<meta name=\"robots\" content=\"index, follow, max-snippet:-1, max-image-preview:large, max-video-preview:-1\" \/>\n<link rel=\"canonical\" href=\"https:\/\/www.baeckerei-reichau.de\/index.php\/cafe-blende-nun-wieder-mit-laengeren-oeffnungszeiten\/%20\" \/>\n<meta property=\"og:locale\" content=\"de_DE\" \/>\n<meta property=\"og:type\" content=\"article\" \/>\n<meta property=\"og:title\" content=\"Caf\u00e9 Blende nun wieder mit l\u00e4ngeren \u00d6ffnungszeiten - B\u00e4ckerei Reichau\" \/>\n<meta property=\"og:description\" content=\"Die Tage werden l\u00e4nger und das Seebad Ueckerm\u00fcnde f\u00fcllt sich wieder mit mehr Menschen. So passen wir auch unsere \u00d6ffnungszeiten...\" \/>\n<meta property=\"og:url\" content=\"https:\/\/www.baeckerei-reichau.de\/index.php\/cafe-blende-nun-wieder-mit-laengeren-oeffnungszeiten\/ \" \/>\n<meta property=\"og:site_name\" content=\"B\u00e4ckerei Reichau\" \/>\n<meta property=\"article:published_time\" content=\"2023-05-24T09:51:55+00:00\" \/>\n<meta property=\"article:modified_time\" content=\"2023-05-24T09:56:57+00:00\" \/>\n<meta property=\"og:image\" content=\"https:\/\/www.baeckerei-reichau.de\/wp-content\/uploads\/2018\/03\/Filialen_Uede_Blende.jpg\" \/>\n\t<meta property=\"og:image:width\" content=\"1024\" \/>\n\t<meta property=\"og:image:height\" content=\"768\" \/>\n\t<meta property=\"og:image:type\" content=\"image\/jpeg\" \/>\n<meta name=\"author\" content=\"Reichau\" \/>\n<meta name=\"twitter:card\" content=\"summary_large_image\" \/>\n<meta name=\"twitter:label1\" content=\"Verfasst von\" \/>\n\t<meta name=\"twitter:data1\" content=\"Reichau\" \/>\n<script type=\"application\/ld+json\" class=\"yoast-schema-graph\">{\"@context\":\"https:\\\/\\\/schema.org\",\"@graph\":[{\"@type\":\"Article\",\"@id\":\"https:\\\/\\\/www.baeckerei-reichau.de\\\/index.php\\\/cafe-blende-nun-wieder-mit-laengeren-oeffnungszeiten\\\/%20#article\",\"isPartOf\":{\"@id\":\"https:\\\/\\\/www.baeckerei-reichau.de\\\/index.php\\\/cafe-blende-nun-wieder-mit-laengeren-oeffnungszeiten\\\/%20\"},\"author\":{\"name\":\"Reichau\",\"@id\":\"https:\\\/\\\/www.baeckerei-reichau.de\\\/#\\\/schema\\\/person\\\/70c4cd66709ae121904abdfbf0a6fa81\"},\"headline\":\"Caf\u00e9 Blende nun wieder mit l\u00e4ngeren \u00d6ffnungszeiten\",\"datePublished\":\"2023-05-24T09:51:55+00:00\",\"dateModified\":\"2023-05-24T09:56:57+00:00\",\"mainEntityOfPage\":{\"@id\":\"https:\\\/\\\/www.baeckerei-reichau.de\\\/index.php\\\/cafe-blende-nun-wieder-mit-laengeren-oeffnungszeiten\\\/%20\"},\"wordCount\":54,\"publisher\":{\"@id\":\"https:\\\/\\\/www.baeckerei-reichau.de\\\/#organization\"},\"image\":{\"@id\":\"https:\\\/\\\/www.baeckerei-reichau.de\\\/index.php\\\/cafe-blende-nun-wieder-mit-laengeren-oeffnungszeiten\\\/%20#primaryimage\"},\"thumbnailUrl\":\"https:\\\/\\\/www.baeckerei-reichau.de\\\/wp-content\\\/uploads\\\/2018\\\/03\\\/Filialen_Uede_Blende.jpg\",\"inLanguage\":\"de\"},{\"@type\":\"WebPage\",\"@id\":\"https:\\\/\\\/www.baeckerei-reichau.de\\\/index.php\\\/cafe-blende-nun-wieder-mit-laengeren-oeffnungszeiten\\\/%20\",\"url\":\"https:\\\/\\\/www.baeckerei-reichau.de\\\/index.php\\\/cafe-blende-nun-wieder-mit-laengeren-oeffnungszeiten\\\/%20\",\"name\":\"Caf\u00e9 Blende nun wieder mit l\u00e4ngeren \u00d6ffnungszeiten - B\u00e4ckerei Reichau\",\"isPartOf\":{\"@id\":\"https:\\\/\\\/www.baeckerei-reichau.de\\\/#website\"},\"primaryImageOfPage\":{\"@id\":\"https:\\\/\\\/www.baeckerei-reichau.de\\\/index.php\\\/cafe-blende-nun-wieder-mit-laengeren-oeffnungszeiten\\\/%20#primaryimage\"},\"image\":{\"@id\":\"https:\\\/\\\/www.baeckerei-reichau.de\\\/index.php\\\/cafe-blende-nun-wieder-mit-laengeren-oeffnungszeiten\\\/%20#primaryimage\"},\"thumbnailUrl\":\"https:\\\/\\\/www.baeckerei-reichau.de\\\/wp-content\\\/uploads\\\/2018\\\/03\\\/Filialen_Uede_Blende.jpg\",\"datePublished\":\"2023-05-24T09:51:55+00:00\",\"dateModified\":\"2023-05-24T09:56:57+00:00\",\"breadcrumb\":{\"@id\":\"https:\\\/\\\/www.baeckerei-reichau.de\\\/index.php\\\/cafe-blende-nun-wieder-mit-laengeren-oeffnungszeiten\\\/%20#breadcrumb\"},\"inLanguage\":\"de\",\"potentialAction\":[{\"@type\":\"ReadAction\",\"target\":[\"https:\\\/\\\/www.baeckerei-reichau.de\\\/index.php\\\/cafe-blende-nun-wieder-mit-laengeren-oeffnungszeiten\\\/%20\"]}]},{\"@type\":\"ImageObject\",\"inLanguage\":\"de\",\"@id\":\"https:\\\/\\\/www.baeckerei-reichau.de\\\/index.php\\\/cafe-blende-nun-wieder-mit-laengeren-oeffnungszeiten\\\/%20#primaryimage\",\"url\":\"https:\\\/\\\/www.baeckerei-reichau.de\\\/wp-content\\\/uploads\\\/2018\\\/03\\\/Filialen_Uede_Blende.jpg\",\"contentUrl\":\"https:\\\/\\\/www.baeckerei-reichau.de\\\/wp-content\\\/uploads\\\/2018\\\/03\\\/Filialen_Uede_Blende.jpg\",\"width\":1024,\"height\":768},{\"@type\":\"BreadcrumbList\",\"@id\":\"https:\\\/\\\/www.baeckerei-reichau.de\\\/index.php\\\/cafe-blende-nun-wieder-mit-laengeren-oeffnungszeiten\\\/%20#breadcrumb\",\"itemListElement\":[{\"@type\":\"ListItem\",\"position\":1,\"name\":\"Startseite\",\"item\":\"https:\\\/\\\/www.baeckerei-reichau.de\\\/\"},{\"@type\":\"ListItem\",\"position\":2,\"name\":\"Caf\u00e9 Blende nun wieder mit l\u00e4ngeren \u00d6ffnungszeiten\"}]},{\"@type\":\"WebSite\",\"@id\":\"https:\\\/\\\/www.baeckerei-reichau.de\\\/#website\",\"url\":\"https:\\\/\\\/www.baeckerei-reichau.de\\\/\",\"name\":\"B\u00e4ckerei Reichau\",\"description\":\"\",\"publisher\":{\"@id\":\"https:\\\/\\\/www.baeckerei-reichau.de\\\/#organization\"},\"potentialAction\":[{\"@type\":\"SearchAction\",\"target\":{\"@type\":\"EntryPoint\",\"urlTemplate\":\"https:\\\/\\\/www.baeckerei-reichau.de\\\/?s={search_term_string}\"},\"query-input\":{\"@type\":\"PropertyValueSpecification\",\"valueRequired\":true,\"valueName\":\"search_term_string\"}}],\"inLanguage\":\"de\"},{\"@type\":\"Organization\",\"@id\":\"https:\\\/\\\/www.baeckerei-reichau.de\\\/#organization\",\"name\":\"B\u00e4ckerei Reichau\",\"url\":\"https:\\\/\\\/www.baeckerei-reichau.de\\\/\",\"logo\":{\"@type\":\"ImageObject\",\"inLanguage\":\"de\",\"@id\":\"https:\\\/\\\/www.baeckerei-reichau.de\\\/#\\\/schema\\\/logo\\\/image\\\/\",\"url\":\"https:\\\/\\\/www.baeckerei-reichau.de\\\/wp-content\\\/uploads\\\/2022\\\/08\\\/cropped-reichau_brezel-200x200-1.jpg\",\"contentUrl\":\"https:\\\/\\\/www.baeckerei-reichau.de\\\/wp-content\\\/uploads\\\/2022\\\/08\\\/cropped-reichau_brezel-200x200-1.jpg\",\"width\":512,\"height\":512,\"caption\":\"B\u00e4ckerei Reichau\"},\"image\":{\"@id\":\"https:\\\/\\\/www.baeckerei-reichau.de\\\/#\\\/schema\\\/logo\\\/image\\\/\"}},{\"@type\":\"Person\",\"@id\":\"https:\\\/\\\/www.baeckerei-reichau.de\\\/#\\\/schema\\\/person\\\/70c4cd66709ae121904abdfbf0a6fa81\",\"name\":\"Reichau\",\"image\":{\"@type\":\"ImageObject\",\"inLanguage\":\"de\",\"@id\":\"https:\\\/\\\/secure.gravatar.com\\\/avatar\\\/f7a5bb54b1b9b2fdbc88e106d2d5c6a2bf665a599891a487b8c2091697e43767?s=96&d=mm&r=g\",\"url\":\"https:\\\/\\\/secure.gravatar.com\\\/avatar\\\/f7a5bb54b1b9b2fdbc88e106d2d5c6a2bf665a599891a487b8c2091697e43767?s=96&d=mm&r=g\",\"contentUrl\":\"https:\\\/\\\/secure.gravatar.com\\\/avatar\\\/f7a5bb54b1b9b2fdbc88e106d2d5c6a2bf665a599891a487b8c2091697e43767?s=96&d=mm&r=g\",\"caption\":\"Reichau\"},\"url\":\"https:\\\/\\\/www.baeckerei-reichau.de\\\/index.php\\\/author\\\/reichau\"}]}<\/script>\n<!-- \/ Yoast SEO plugin. -->","yoast_head_json":{"title":"Caf\u00e9 Blende nun wieder mit l\u00e4ngeren \u00d6ffnungszeiten - B\u00e4ckerei Reichau","robots":{"index":"index","follow":"follow","max-snippet":"max-snippet:-1","max-image-preview":"max-image-preview:large","max-video-preview":"max-video-preview:-1"},"canonical":"https:\/\/www.baeckerei-reichau.de\/index.php\/cafe-blende-nun-wieder-mit-laengeren-oeffnungszeiten\/ ","og_locale":"de_DE","og_type":"article","og_title":"Caf\u00e9 Blende nun wieder mit l\u00e4ngeren \u00d6ffnungszeiten - B\u00e4ckerei Reichau","og_description":"Die Tage werden l\u00e4nger und das Seebad Ueckerm\u00fcnde f\u00fcllt sich wieder mit mehr Menschen. So passen wir auch unsere \u00d6ffnungszeiten...","og_url":"https:\/\/www.baeckerei-reichau.de\/index.php\/cafe-blende-nun-wieder-mit-laengeren-oeffnungszeiten\/ ","og_site_name":"B\u00e4ckerei Reichau","article_published_time":"2023-05-24T09:51:55+00:00","article_modified_time":"2023-05-24T09:56:57+00:00","og_image":[{"width":1024,"height":768,"url":"https:\/\/www.baeckerei-reichau.de\/wp-content\/uploads\/2018\/03\/Filialen_Uede_Blende.jpg","type":"image\/jpeg"}],"author":"Reichau","twitter_card":"summary_large_image","twitter_misc":{"Verfasst von":"Reichau"},"schema":{"@context":"https:\/\/schema.org","@graph":[{"@type":"Article","@id":"https:\/\/www.baeckerei-reichau.de\/index.php\/cafe-blende-nun-wieder-mit-laengeren-oeffnungszeiten\/%20#article","isPartOf":{"@id":"https:\/\/www.baeckerei-reichau.de\/index.php\/cafe-blende-nun-wieder-mit-laengeren-oeffnungszeiten\/%20"},"author":{"name":"Reichau","@id":"https:\/\/www.baeckerei-reichau.de\/#\/schema\/person\/70c4cd66709ae121904abdfbf0a6fa81"},"headline":"Caf\u00e9 Blende nun wieder mit l\u00e4ngeren \u00d6ffnungszeiten","datePublished":"2023-05-24T09:51:55+00:00","dateModified":"2023-05-24T09:56:57+00:00","mainEntityOfPage":{"@id":"https:\/\/www.baeckerei-reichau.de\/index.php\/cafe-blende-nun-wieder-mit-laengeren-oeffnungszeiten\/%20"},"wordCount":54,"publisher":{"@id":"https:\/\/www.baeckerei-reichau.de\/#organization"},"image":{"@id":"https:\/\/www.baeckerei-reichau.de\/index.php\/cafe-blende-nun-wieder-mit-laengeren-oeffnungszeiten\/%20#primaryimage"},"thumbnailUrl":"https:\/\/www.baeckerei-reichau.de\/wp-content\/uploads\/2018\/03\/Filialen_Uede_Blende.jpg","inLanguage":"de"},{"@type":"WebPage","@id":"https:\/\/www.baeckerei-reichau.de\/index.php\/cafe-blende-nun-wieder-mit-laengeren-oeffnungszeiten\/%20","url":"https:\/\/www.baeckerei-reichau.de\/index.php\/cafe-blende-nun-wieder-mit-laengeren-oeffnungszeiten\/%20","name":"Caf\u00e9 Blende nun wieder mit l\u00e4ngeren \u00d6ffnungszeiten - B\u00e4ckerei Reichau","isPartOf":{"@id":"https:\/\/www.baeckerei-reichau.de\/#website"},"primaryImageOfPage":{"@id":"https:\/\/www.baeckerei-reichau.de\/index.php\/cafe-blende-nun-wieder-mit-laengeren-oeffnungszeiten\/%20#primaryimage"},"image":{"@id":"https:\/\/www.baeckerei-reichau.de\/index.php\/cafe-blende-nun-wieder-mit-laengeren-oeffnungszeiten\/%20#primaryimage"},"thumbnailUrl":"https:\/\/www.baeckerei-reichau.de\/wp-content\/uploads\/2018\/03\/Filialen_Uede_Blende.jpg","datePublished":"2023-05-24T09:51:55+00:00","dateModified":"2023-05-24T09:56:57+00:00","breadcrumb":{"@id":"https:\/\/www.baeckerei-reichau.de\/index.php\/cafe-blende-nun-wieder-mit-laengeren-oeffnungszeiten\/%20#breadcrumb"},"inLanguage":"de","potentialAction":[{"@type":"ReadAction","target":["https:\/\/www.baeckerei-reichau.de\/index.php\/cafe-blende-nun-wieder-mit-laengeren-oeffnungszeiten\/%20"]}]},{"@type":"ImageObject","inLanguage":"de","@id":"https:\/\/www.baeckerei-reichau.de\/index.php\/cafe-blende-nun-wieder-mit-laengeren-oeffnungszeiten\/%20#primaryimage","url":"https:\/\/www.baeckerei-reichau.de\/wp-content\/uploads\/2018\/03\/Filialen_Uede_Blende.jpg","contentUrl":"https:\/\/www.baeckerei-reichau.de\/wp-content\/uploads\/2018\/03\/Filialen_Uede_Blende.jpg","width":1024,"height":768},{"@type":"BreadcrumbList","@id":"https:\/\/www.baeckerei-reichau.de\/index.php\/cafe-blende-nun-wieder-mit-laengeren-oeffnungszeiten\/%20#breadcrumb","itemListElement":[{"@type":"ListItem","position":1,"name":"Startseite","item":"https:\/\/www.baeckerei-reichau.de\/"},{"@type":"ListItem","position":2,"name":"Caf\u00e9 Blende nun wieder mit l\u00e4ngeren \u00d6ffnungszeiten"}]},{"@type":"WebSite","@id":"https:\/\/www.baeckerei-reichau.de\/#website","url":"https:\/\/www.baeckerei-reichau.de\/","name":"B\u00e4ckerei Reichau","description":"","publisher":{"@id":"https:\/\/www.baeckerei-reichau.de\/#organization"},"potentialAction":[{"@type":"SearchAction","target":{"@type":"EntryPoint","urlTemplate":"https:\/\/www.baeckerei-reichau.de\/?s={search_term_string}"},"query-input":{"@type":"PropertyValueSpecification","valueRequired":true,"valueName":"search_term_string"}}],"inLanguage":"de"},{"@type":"Organization","@id":"https:\/\/www.baeckerei-reichau.de\/#organization","name":"B\u00e4ckerei Reichau","url":"https:\/\/www.baeckerei-reichau.de\/","logo":{"@type":"ImageObject","inLanguage":"de","@id":"https:\/\/www.baeckerei-reichau.de\/#\/schema\/logo\/image\/","url":"https:\/\/www.baeckerei-reichau.de\/wp-content\/uploads\/2022\/08\/cropped-reichau_brezel-200x200-1.jpg","contentUrl":"https:\/\/www.baeckerei-reichau.de\/wp-content\/uploads\/2022\/08\/cropped-reichau_brezel-200x200-1.jpg","width":512,"height":512,"caption":"B\u00e4ckerei Reichau"},"image":{"@id":"https:\/\/www.baeckerei-reichau.de\/#\/schema\/logo\/image\/"}},{"@type":"Person","@id":"https:\/\/www.baeckerei-reichau.de\/#\/schema\/person\/70c4cd66709ae121904abdfbf0a6fa81","name":"Reichau","image":{"@type":"ImageObject","inLanguage":"de","@id":"https:\/\/secure.gravatar.com\/avatar\/f7a5bb54b1b9b2fdbc88e106d2d5c6a2bf665a599891a487b8c2091697e43767?s=96&d=mm&r=g","url":"https:\/\/secure.gravatar.com\/avatar\/f7a5bb54b1b9b2fdbc88e106d2d5c6a2bf665a599891a487b8c2091697e43767?s=96&d=mm&r=g","contentUrl":"https:\/\/secure.gravatar.com\/avatar\/f7a5bb54b1b9b2fdbc88e106d2d5c6a2bf665a599891a487b8c2091697e43767?s=96&d=mm&r=g","caption":"Reichau"},"url":"https:\/\/www.baeckerei-reichau.de\/index.php\/author\/reichau"}]}},"menu_order":0,"_links":{"self":[{"href":"https:\/\/www.baeckerei-reichau.de\/index.php\/wp-json\/wp\/v2\/posts\/530","targetHints":{"allow":["GET"]}}],"collection":[{"href":"https:\/\/www.baeckerei-reichau.de\/index.php\/wp-json\/wp\/v2\/posts"}],"about":[{"href":"https:\/\/www.baeckerei-reichau.de\/index.php\/wp-json\/wp\/v2\/types\/post"}],"author":[{"embeddable":true,"href":"https:\/\/www.baeckerei-reichau.de\/index.php\/wp-json\/wp\/v2\/users\/1"}],"replies":[{"embeddable":true,"href":"https:\/\/www.baeckerei-reichau.de\/index.php\/wp-json\/wp\/v2\/comments?post=530"}],"version-history":[{"count":0,"href":"https:\/\/www.baeckerei-reichau.de\/index.php\/wp-json\/wp\/v2\/posts\/530\/revisions"}],"wp:featuredmedia":[{"embeddable":true,"href":"https:\/\/www.baeckerei-reichau.de\/index.php\/wp-json\/wp\/v2\/media\/91"}],"wp:attachment":[{"href":"https:\/\/www.baeckerei-reichau.de\/index.php\/wp-json\/wp\/v2\/media?parent=530"}],"wp:term":[{"taxonomy":"category","embeddable":true,"href":"https:\/\/www.baeckerei-reichau.de\/index.php\/wp-json\/wp\/v2\/categories?post=530"},{"taxonomy":"post_tag","embeddable":true,"href":"https:\/\/www.baeckerei-reichau.de\/index.php\/wp-json\/wp\/v2\/tags?post=530"}],"curies":[{"name":"wp","href":"https:\/\/api.w.org\/{rel}","templated":true}]}}